{"id":52,"date":"2016-10-31T18:33:49","date_gmt":"2016-10-31T16:33:49","guid":{"rendered":"http:\/\/www.graphorama.de\/blog\/?p=52"},"modified":"2018-05-20T23:05:18","modified_gmt":"2018-05-20T21:05:18","slug":"schoene-ecken-zwei-podcaster-rasen-durch-italien","status":"publish","type":"post","link":"http:\/\/www.graphorama.de\/blog\/schoene-ecken-zwei-podcaster-rasen-durch-italien\/","title":{"rendered":"Sch\u00f6ne Ecken: Zwei Podcaster rasen durch Italien"},"content":{"rendered":"<p>Gemeinsam mit Cornelis Kater podcaste ich alle zwei Wochen \u00fcber urbane, \u00e4sthetische und lukullische Stadtkultur. Unser Podcast hei\u00dft <a href=\"http:\/\/schoene-ecken.de\">Sch\u00f6ne Ecken<\/a>.<\/p>\n<p>Normalerweise nehmen wir unsere Folgen an freien Wochenenden in erreichbarer Umgebung auf, diesmal haben wir aber einfach das Land verlassen. In 2,5 Tagen nahmen wir fast ganz Norditalien unter die R\u00e4der unseres Mietwagens und produzierten sieben Folgen. Dabei gab es eine Premiere: Unsere H\u00f6rerschaft konnte uns nahezu live auf dieser Tour begleiten \u2013 per Instagram Story. Da diese Videoschnipsel nur 24 Stunden auf der Plattform verf\u00fcgbar waren, habe ich sie zum Abschluss der Tour aufbereitet und zusammengeschnitten:<\/p>\n<p><iframe src=\"https:\/\/player.vimeo.com\/video\/197764740\" width=\"640\" height=\"360\" frameborder=\"0\" webkitallowfullscreen mozallowfullscreen allowfullscreen><\/iframe><\/p>\n<p><a href=\"https:\/\/itunes.apple.com\/de\/podcast\/sch\u00f6ne-ecken\/id449498861?mt=2\">Sch\u00f6ne Ecken direkt bei iTunes abonnieren<\/a>.<\/p>\n","protected":false},"excerpt":{"rendered":"<p>Gemeinsam mit Cornelis Kater podcaste ich alle zwei Wochen \u00fcber urbane, \u00e4sthetische und lukullische Stadtkultur. Unser Podcast hei\u00dft Sch\u00f6ne Ecken. Normalerweise nehmen wir unsere Folgen an freien Wochenenden in erreichbarer Umgebung auf, diesmal haben wir aber einfach das Land verlassen. &hellip; <a href=\"http:\/\/www.graphorama.de\/blog\/schoene-ecken-zwei-podcaster-rasen-durch-italien\/\">Weiterlesen <span class=\"meta-nav\">&rarr;<\/span><\/a><\/p>\n","protected":false},"author":1,"featured_media":0,"comment_status":"closed","ping_status":"closed","sticky":false,"template":"","format":"standard","meta":[],"categories":[4,7,5,2],"tags":[],"_links":{"self":[{"href":"http:\/\/www.graphorama.de\/blog\/wp-json\/wp\/v2\/posts\/52"}],"collection":[{"href":"http:\/\/www.graphorama.de\/blog\/wp-json\/wp\/v2\/posts"}],"about":[{"href":"http:\/\/www.graphorama.de\/blog\/wp-json\/wp\/v2\/types\/post"}],"author":[{"embeddable":true,"href":"http:\/\/www.graphorama.de\/blog\/wp-json\/wp\/v2\/users\/1"}],"replies":[{"embeddable":true,"href":"http:\/\/www.graphorama.de\/blog\/wp-json\/wp\/v2\/comments?post=52"}],"version-history":[{"count":0,"href":"http:\/\/www.graphorama.de\/blog\/wp-json\/wp\/v2\/posts\/52\/revisions"}],"wp:attachment":[{"href":"http:\/\/www.graphorama.de\/blog\/wp-json\/wp\/v2\/media?parent=52"}],"wp:term":[{"taxonomy":"category","embeddable":true,"href":"http:\/\/www.graphorama.de\/blog\/wp-json\/wp\/v2\/categories?post=52"},{"taxonomy":"post_tag","embeddable":true,"href":"http:\/\/www.graphorama.de\/blog\/wp-json\/wp\/v2\/tags?post=52"}],"curies":[{"name":"wp","href":"https:\/\/api.w.org\/{rel}","templated":true}]}}